{"id":26856,"date":"2021-12-12T13:54:32","date_gmt":"2021-12-12T13:54:32","guid":{"rendered":"https:\/\/alterfocus.de\/?p=26856"},"modified":"2022-06-11T15:02:03","modified_gmt":"2022-06-11T15:02:03","slug":"paulrhythms","status":"publish","type":"post","link":"https:\/\/alterfocus.de\/es\/paulrhythms\/","title":{"rendered":"PAULRHYTHMS"},"content":{"rendered":"<h2 class=\"wp-block-heading\">\u00bfC\u00f3mo te presentar\u00edas brevemente?<\/h2>\n\n\n\n<p>Mi nombre es Paul, nac\u00ed en Per\u00fa y tengo un proyecto musical llamado Paulrhythms en donde hago la m\u00fasica que me apasiona.<\/p>\n\n\n\n<figure class=\"wp-block-image size-large\"><img loading=\"lazy\" decoding=\"async\" width=\"1024\" height=\"819\" src=\"https:\/\/alterfocus.de\/wp-content\/uploads\/2021\/12\/20210828-ArtDest-Paulrhythms-WebRes-10-1024x819.jpg\" alt=\"\" class=\"wp-image-26870\" srcset=\"https:\/\/alterfocus.de\/wp-content\/uploads\/2021\/12\/20210828-ArtDest-Paulrhythms-WebRes-10-1024x819.jpg 1024w, https:\/\/alterfocus.de\/wp-content\/uploads\/2021\/12\/20210828-ArtDest-Paulrhythms-WebRes-10-300x240.jpg 300w, https:\/\/alterfocus.de\/wp-content\/uploads\/2021\/12\/20210828-ArtDest-Paulrhythms-WebRes-10-768x614.jpg 768w, https:\/\/alterfocus.de\/wp-content\/uploads\/2021\/12\/20210828-ArtDest-Paulrhythms-WebRes-10-1200x960.jpg 1200w, https:\/\/alterfocus.de\/wp-content\/uploads\/2021\/12\/20210828-ArtDest-Paulrhythms-WebRes-10.jpg 1500w\" sizes=\"auto, (max-width: 1024px) 100vw, 1024px\" \/><\/figure>\n\n\n\n<h2 class=\"wp-block-heading\">\u00bfDe qu\u00e9 manera ingresa la m\u00fasica en tu vida? \u00bfCu\u00e1les son tus recuerdos m\u00e1s significativos?<\/h2>\n\n\n\n<p>Bueno, tengo la suerte de que mis padres apoyaron mucho la cercan\u00eda que tenemos mi hermano y yo con el arte. Mi padre era baterista de joven y luego pas\u00f3 a ser ingeniero de sonido tanto en vivo como en estudio. Hay unas fotos en el \u00e1lbum familiar en la que estoy tocando una peque\u00f1a caja de percusi\u00f3n, con una baqueta de xil\u00f3fono de metal, en lo que podr\u00eda ser mi primer concierto. Ten\u00eda alrededor de 2 a\u00f1os, mi hermano se estaba presentando con el grupo de m\u00fasica de la escuela \u201cArte para Crecer\u201d (el cual siempre recomiendo, ya que tienen un m\u00e9todo buen\u00edsimo) y seg\u00fan mis padres yo no pod\u00eda quedarme sentado en sobre las piernas de mi madre, sino que estaba inquieto. Luego de varios intentos me dejaron gatear hasta el escenario.<\/p>\n\n\n\n<div class=\"wp-block-media-text alignwide is-stacked-on-mobile\"><figure class=\"wp-block-media-text__media\"><img loading=\"lazy\" decoding=\"async\" width=\"819\" height=\"1024\" src=\"https:\/\/alterfocus.de\/wp-content\/uploads\/2021\/12\/20210829-ArtDest-Paulrhythms-WebRes-20-819x1024.jpg\" alt=\"\" class=\"wp-image-26880 size-full\" srcset=\"https:\/\/alterfocus.de\/wp-content\/uploads\/2021\/12\/20210829-ArtDest-Paulrhythms-WebRes-20-819x1024.jpg 819w, https:\/\/alterfocus.de\/wp-content\/uploads\/2021\/12\/20210829-ArtDest-Paulrhythms-WebRes-20-240x300.jpg 240w, https:\/\/alterfocus.de\/wp-content\/uploads\/2021\/12\/20210829-ArtDest-Paulrhythms-WebRes-20-768x960.jpg 768w, https:\/\/alterfocus.de\/wp-content\/uploads\/2021\/12\/20210829-ArtDest-Paulrhythms-WebRes-20.jpg 1200w\" sizes=\"auto, (max-width: 819px) 100vw, 819px\" \/><\/figure><div class=\"wp-block-media-text__content\">\n<p>No s\u00e9 qu\u00e9 habr\u00e9 hecho, pero despu\u00e9s de haber llamado la atenci\u00f3n de la directora, ella me dio esta cajita china para que sea parte de la orquesta. Seg\u00fan me cuentan, en ese momento la banda estaba haciendo ruidos de naturaleza, como acompa\u00f1ando un cuento, hab\u00eda muchos momentos de silencio y de ruido, as\u00ed que eso hice: tocaba y paraba de tocar.<\/p>\n<\/div><\/div>\n\n\n\n<h2 class=\"wp-block-heading\">Tu pasi\u00f3n te llevo a estudiar la carrera de M\u00fasica en Lima, \u00bfc\u00f3mo fue transitar la experiencia del sonido y la m\u00fasica a trav\u00e9s de la academia?<\/h2>\n\n\n\n<p>Fue como un sue\u00f1o hecho realidad y a la vez un reto. Antes del 2010 no exist\u00eda la carrera de m\u00fasica en ninguna universidad privada o p\u00fablica en el Per\u00fa. Cuando en ese mismo a\u00f1o, dos universidades decidieron abrir esta carrera fue algo incre\u00edble para m\u00ed. El reto estuvo en que todo era nuevo, y al comienzo hubo escasez de buenos profesores, el periodo de ajuste fue un poco largo. Sin embargo, estoy muy agradecido por los buenos amigos y profesores que conoc\u00ed estudiando y por toda la m\u00fasica que hicimos y aprendimos.<\/p>\n\n\n\n<div class=\"wp-block-columns is-layout-flex wp-container-core-columns-is-layout-28f84493 wp-block-columns-is-layout-flex\">\n<div class=\"wp-block-column is-layout-flow wp-block-column-is-layout-flow\">\n<figure class=\"wp-block-image size-large\"><img loading=\"lazy\" decoding=\"async\" width=\"819\" height=\"1024\" src=\"https:\/\/alterfocus.de\/wp-content\/uploads\/2021\/12\/20210828-ArtDest-Paulrhythms-WebRes-05-819x1024.jpg\" alt=\"\" class=\"wp-image-26865\" srcset=\"https:\/\/alterfocus.de\/wp-content\/uploads\/2021\/12\/20210828-ArtDest-Paulrhythms-WebRes-05-819x1024.jpg 819w, https:\/\/alterfocus.de\/wp-content\/uploads\/2021\/12\/20210828-ArtDest-Paulrhythms-WebRes-05-240x300.jpg 240w, https:\/\/alterfocus.de\/wp-content\/uploads\/2021\/12\/20210828-ArtDest-Paulrhythms-WebRes-05-768x960.jpg 768w, https:\/\/alterfocus.de\/wp-content\/uploads\/2021\/12\/20210828-ArtDest-Paulrhythms-WebRes-05.jpg 1200w\" sizes=\"auto, (max-width: 819px) 100vw, 819px\" \/><\/figure>\n<\/div>\n\n\n\n<div class=\"wp-block-column is-layout-flow wp-block-column-is-layout-flow\">\n<figure class=\"wp-block-image size-large\"><img loading=\"lazy\" decoding=\"async\" width=\"819\" height=\"1024\" src=\"https:\/\/alterfocus.de\/wp-content\/uploads\/2021\/12\/20210828-ArtDest-Paulrhythms-WebRes-04-819x1024.jpg\" alt=\"\" class=\"wp-image-26864\" srcset=\"https:\/\/alterfocus.de\/wp-content\/uploads\/2021\/12\/20210828-ArtDest-Paulrhythms-WebRes-04-819x1024.jpg 819w, https:\/\/alterfocus.de\/wp-content\/uploads\/2021\/12\/20210828-ArtDest-Paulrhythms-WebRes-04-240x300.jpg 240w, https:\/\/alterfocus.de\/wp-content\/uploads\/2021\/12\/20210828-ArtDest-Paulrhythms-WebRes-04-768x960.jpg 768w, https:\/\/alterfocus.de\/wp-content\/uploads\/2021\/12\/20210828-ArtDest-Paulrhythms-WebRes-04.jpg 1200w\" sizes=\"auto, (max-width: 819px) 100vw, 819px\" \/><\/figure>\n<\/div>\n<\/div>\n\n\n\n<h2 class=\"wp-block-heading\">Paralelamente, \u00bfparticipabas de alg\u00fan proyecto musical? \u00bfPodr\u00edas hacer un recorrido de tus primeras presentaciones?<\/h2>\n\n\n\n<p>S\u00ed, en varios. Ten\u00eda una banda con mi hermano mayor, Mikel, y dos amigos que tambi\u00e9n son hermanos, los Wurst. Toc\u00e1bamos los temas de Andr\u00e9s, un surf rock muy paja que nos llev\u00f3 a abrir a Donavon Frankenreiter en un festival de verano. Grabamos un disco que lo pueden encontrar en l\u00ednea. Esa banda se llamaba Wavestones (<a href=\"https:\/\/wavestones.bandcamp.com\/\" target=\"_blank\" rel=\"noreferrer noopener\"><span class=\"has-inline-color has-accent-color\">https:\/\/wavestones.bandcamp.com\/<\/span><\/a>). Tambi\u00e9n fui bajista de la banda Big Pollo, Lara Nuh, Blue Joint y las tocadas (o como le dicen en Lima, \u201cChivos\u201d) que sal\u00edan y que me daban ingresos extra mientras estudiaba.<\/p>\n\n\n\n<h2 class=\"wp-block-heading\">\u00bfCu\u00e1ndo nace tu curiosidad por emigrar? \u00bfC\u00f3mo lleg\u00f3 Berl\u00edn como elecci\u00f3n?<\/h2>\n\n\n\n<div class=\"wp-block-media-text alignwide has-media-on-the-right is-stacked-on-mobile\"><figure class=\"wp-block-media-text__media\"><img loading=\"lazy\" decoding=\"async\" width=\"819\" height=\"1024\" src=\"https:\/\/alterfocus.de\/wp-content\/uploads\/2021\/12\/20210828-ArtDest-Paulrhythms-WebRes-06-819x1024.jpg\" alt=\"\" class=\"wp-image-26866 size-full\" srcset=\"https:\/\/alterfocus.de\/wp-content\/uploads\/2021\/12\/20210828-ArtDest-Paulrhythms-WebRes-06-819x1024.jpg 819w, https:\/\/alterfocus.de\/wp-content\/uploads\/2021\/12\/20210828-ArtDest-Paulrhythms-WebRes-06-240x300.jpg 240w, https:\/\/alterfocus.de\/wp-content\/uploads\/2021\/12\/20210828-ArtDest-Paulrhythms-WebRes-06-768x960.jpg 768w, https:\/\/alterfocus.de\/wp-content\/uploads\/2021\/12\/20210828-ArtDest-Paulrhythms-WebRes-06.jpg 1200w\" sizes=\"auto, (max-width: 819px) 100vw, 819px\" \/><\/figure><div class=\"wp-block-media-text__content\">\n<p>Precisar cu\u00e1ndo, es dif\u00edcil. Tal vez desde la primera vez que pis\u00e9 Europa en un viaje llamado la Ruta Quetzal. Fue una beca por composici\u00f3n musical que me llev\u00f3 a conocer muchos amigos y lugares muy pajas. Berl\u00edn no fue pensado antes de llegar a Alemania, lleg\u00f3 en el momento en que Janisse y yo ten\u00edamos que tomar una decisi\u00f3n y despu\u00e9s de visitar algunas ciudades en Alemania, Berl\u00edn fue la que nos pareci\u00f3 mejor para empezar la aventura.<\/p>\n<\/div><\/div>\n\n\n\n<h2 class=\"wp-block-heading\">Siempre tenemos expectativas sobre nuestras decisiones, \u00bfc\u00f3mo fueron las tuyas en relaci\u00f3n a tus primeros pasos?<\/h2>\n\n\n\n<p>La verdad es que no tuve muchas expectativas al comienzo, ya que pensaba que estaba de vacaciones. Me tom\u00f3 tiempo entender que no estaba viniendo a visitar y a estar unos meses, sino que me estaba mudando. Nunca antes me hab\u00eda mudado de casa, ni dentro de Per\u00fa.<\/p>\n\n\n\n<figure class=\"wp-block-image size-large\"><img loading=\"lazy\" decoding=\"async\" width=\"1024\" height=\"819\" src=\"https:\/\/alterfocus.de\/wp-content\/uploads\/2021\/12\/20210828-ArtDest-Paulrhythms-WebRes-08-1024x819.jpg\" alt=\"\" class=\"wp-image-26868\" srcset=\"https:\/\/alterfocus.de\/wp-content\/uploads\/2021\/12\/20210828-ArtDest-Paulrhythms-WebRes-08-1024x819.jpg 1024w, https:\/\/alterfocus.de\/wp-content\/uploads\/2021\/12\/20210828-ArtDest-Paulrhythms-WebRes-08-300x240.jpg 300w, https:\/\/alterfocus.de\/wp-content\/uploads\/2021\/12\/20210828-ArtDest-Paulrhythms-WebRes-08-768x614.jpg 768w, https:\/\/alterfocus.de\/wp-content\/uploads\/2021\/12\/20210828-ArtDest-Paulrhythms-WebRes-08-1200x960.jpg 1200w, https:\/\/alterfocus.de\/wp-content\/uploads\/2021\/12\/20210828-ArtDest-Paulrhythms-WebRes-08.jpg 1500w\" sizes=\"auto, (max-width: 1024px) 100vw, 1024px\" \/><\/figure>\n\n\n\n<h2 class=\"wp-block-heading\">Ya en Berl\u00edn, tuviste la posibilidad de trabajar en una agencia internacional que crea m\u00fasica para contenidos. \u00bfC\u00f3mo fue esa experiencia?<\/h2>\n\n\n\n<p>Disfrut\u00e9 mucho de estar a un ritmo en el que compon\u00eda varias canciones\/ideas al d\u00eda. Trabajaba horario completo, desde las 9\u202fam hasta a veces la madrugada del d\u00eda siguiente, ya que no encontraba la idea que buscaba o que iba a ir bien con lo que me hab\u00eda pedido el productor. Terminaba muerto, pero con mucha satisfacci\u00f3n. Aprend\u00ed harto y tambi\u00e9n pude experimentar como la parte art\u00edstica de la m\u00fasica puede convertirse en algo autom\u00e1tico y rutinario. No fue mi caso, pero ve\u00eda el cansancio y la monoton\u00eda de otros productores que trabajan por a\u00f1os y que parec\u00eda que ya no disfrutaban de lo que hac\u00edan. Ahorita estoy en otro momento, pero s\u00ed, volver\u00eda a ese ritmo de nuevo.<\/p>\n\n\n\n<figure class=\"wp-block-image size-large\"><img loading=\"lazy\" decoding=\"async\" width=\"1024\" height=\"819\" src=\"https:\/\/alterfocus.de\/wp-content\/uploads\/2021\/12\/20210829-ArtDest-Paulrhythms-WebRes-18-1024x819.jpg\" alt=\"\" class=\"wp-image-26878\" srcset=\"https:\/\/alterfocus.de\/wp-content\/uploads\/2021\/12\/20210829-ArtDest-Paulrhythms-WebRes-18-1024x819.jpg 1024w, https:\/\/alterfocus.de\/wp-content\/uploads\/2021\/12\/20210829-ArtDest-Paulrhythms-WebRes-18-300x240.jpg 300w, https:\/\/alterfocus.de\/wp-content\/uploads\/2021\/12\/20210829-ArtDest-Paulrhythms-WebRes-18-768x614.jpg 768w, https:\/\/alterfocus.de\/wp-content\/uploads\/2021\/12\/20210829-ArtDest-Paulrhythms-WebRes-18-1200x960.jpg 1200w, https:\/\/alterfocus.de\/wp-content\/uploads\/2021\/12\/20210829-ArtDest-Paulrhythms-WebRes-18.jpg 1500w\" sizes=\"auto, (max-width: 1024px) 100vw, 1024px\" \/><\/figure>\n\n\n\n<h2 class=\"wp-block-heading\">Tienes una concepci\u00f3n interesante sobre las \u201cetiquetas\u201d que nos ponemos (o nos ponen) d\u00eda a d\u00eda \u00bfNos podr\u00edas explicar un poco m\u00e1s \u00bfC\u00f3mo describir\u00edas tu m\u00fasica sin etiquetarla?<\/h2>\n\n\n\n<p>Mi m\u00fasica es lo que sale de mis memorias sonoras, sin juicio hacia donde vaya. Es medicina, instinto y muchas veces deseo y adicci\u00f3n.<\/p>\n\n\n\n<h2 class=\"wp-block-heading\">Actualmente est\u00e1s trabajando en tu proyecto solista, \u00bfc\u00f3mo est\u00e1s viviendo ese camino? \u00bfCompones sin l\u00edmites o lo adaptas a los recursos con los que sabes que vas a contar en vivo? \u00bfTe gusta el desaf\u00edo musical y visual de ser multiinstrumentista?<\/h2>\n\n\n\n<div class=\"wp-block-media-text alignwide has-media-on-the-right is-stacked-on-mobile\"><figure class=\"wp-block-media-text__media\"><img loading=\"lazy\" decoding=\"async\" width=\"819\" height=\"1024\" src=\"https:\/\/alterfocus.de\/wp-content\/uploads\/2021\/12\/20210829-ArtDest-Paulrhythms-WebRes-19-819x1024.jpg\" alt=\"\" class=\"wp-image-26879 size-full\" srcset=\"https:\/\/alterfocus.de\/wp-content\/uploads\/2021\/12\/20210829-ArtDest-Paulrhythms-WebRes-19-819x1024.jpg 819w, https:\/\/alterfocus.de\/wp-content\/uploads\/2021\/12\/20210829-ArtDest-Paulrhythms-WebRes-19-240x300.jpg 240w, https:\/\/alterfocus.de\/wp-content\/uploads\/2021\/12\/20210829-ArtDest-Paulrhythms-WebRes-19-768x960.jpg 768w, https:\/\/alterfocus.de\/wp-content\/uploads\/2021\/12\/20210829-ArtDest-Paulrhythms-WebRes-19.jpg 1200w\" sizes=\"auto, (max-width: 819px) 100vw, 819px\" \/><\/figure><div class=\"wp-block-media-text__content\">\n<p>En este momento el camino est\u00e1 lleno de inspiraci\u00f3n, compongo todas las semanas tracks nuevos y por ahora estoy enfoc\u00e1ndome en no hacerle mucho caso a las preguntas que vienen luego de la parte instintiva.<br>S\u00ed, me gusta la idea de tocar varios instrumentos y hacer un show solo, pero tambi\u00e9n disfruto mucho tocar con banda. El arreglo de las composiciones se puede adaptar, lo m\u00e1s importante es que el tronco de la pieza est\u00e9 s\u00f3lido para m\u00ed.<\/p>\n<\/div><\/div>\n\n\n\n<h2 class=\"wp-block-heading\">Volviendo al punto de la composici\u00f3n, hay un peso importante en el uso del loop. \u00bfCrees que podr\u00edas asociarlo al ejercicio de realizar un mantra?<\/h2>\n\n\n\n<div class=\"wp-block-media-text alignwide is-stacked-on-mobile\"><figure class=\"wp-block-media-text__media\"><img loading=\"lazy\" decoding=\"async\" width=\"819\" height=\"1024\" src=\"https:\/\/alterfocus.de\/wp-content\/uploads\/2021\/12\/20210828-ArtDest-Paulrhythms-WebRes-21-819x1024.jpg\" alt=\"\" class=\"wp-image-26882 size-full\" srcset=\"https:\/\/alterfocus.de\/wp-content\/uploads\/2021\/12\/20210828-ArtDest-Paulrhythms-WebRes-21-819x1024.jpg 819w, https:\/\/alterfocus.de\/wp-content\/uploads\/2021\/12\/20210828-ArtDest-Paulrhythms-WebRes-21-240x300.jpg 240w, https:\/\/alterfocus.de\/wp-content\/uploads\/2021\/12\/20210828-ArtDest-Paulrhythms-WebRes-21-768x960.jpg 768w, https:\/\/alterfocus.de\/wp-content\/uploads\/2021\/12\/20210828-ArtDest-Paulrhythms-WebRes-21.jpg 1200w\" sizes=\"auto, (max-width: 819px) 100vw, 819px\" \/><\/figure><div class=\"wp-block-media-text__content\">\n<p>S\u00ed, hay un peso, pero a\u00fan me falta mucho por explorar. Si es que me aburre r\u00e1pido entonces no est\u00e1 funcionando. Claro, de hecho tengo algunos \u2018mantras\u2019 compuestos.<\/p>\n<\/div><\/div>\n\n\n\n<h2 class=\"wp-block-heading\">El caj\u00f3n tiene una importancia especial para ti, \u00bfqu\u00e9 nos podr\u00edas contar sobre ese instrumento?<\/h2>\n\n\n\n<p>El caj\u00f3n fue el primer instrumento que aprend\u00ed a tocar a los 4 a\u00f1os. Ha viajado conmigo y hemos tenido aventuras divertidas y locas juntos. El caj\u00f3n y la m\u00fasica afroperuana me abrieron las puertas al mundo. Adem\u00e1s de que estoy obsesionado con la simpleza gr\u00e1fica del instrumento.<\/p>\n\n\n\n<figure class=\"wp-block-image size-large\"><img loading=\"lazy\" decoding=\"async\" width=\"1024\" height=\"819\" src=\"https:\/\/alterfocus.de\/wp-content\/uploads\/2021\/12\/20210829-ArtDest-Paulrhythms-WebRes-16-1024x819.jpg\" alt=\"\" class=\"wp-image-26876\" srcset=\"https:\/\/alterfocus.de\/wp-content\/uploads\/2021\/12\/20210829-ArtDest-Paulrhythms-WebRes-16-1024x819.jpg 1024w, https:\/\/alterfocus.de\/wp-content\/uploads\/2021\/12\/20210829-ArtDest-Paulrhythms-WebRes-16-300x240.jpg 300w, https:\/\/alterfocus.de\/wp-content\/uploads\/2021\/12\/20210829-ArtDest-Paulrhythms-WebRes-16-768x614.jpg 768w, https:\/\/alterfocus.de\/wp-content\/uploads\/2021\/12\/20210829-ArtDest-Paulrhythms-WebRes-16-1200x960.jpg 1200w, https:\/\/alterfocus.de\/wp-content\/uploads\/2021\/12\/20210829-ArtDest-Paulrhythms-WebRes-16.jpg 1500w\" sizes=\"auto, (max-width: 1024px) 100vw, 1024px\" \/><\/figure>\n\n\n\n<h2 class=\"wp-block-heading\">\u00bfC\u00f3mo surgen tus letras? \u00bfQu\u00e9 es lo que define el idioma a utilizar en cada canci\u00f3n?<\/h2>\n\n\n\n<p>Depende de la canci\u00f3n, pero normalmente las letras vienen al final. El idioma lo define la m\u00fasica: lo que salga en mi canto de forma natural, cuando estoy improvisando sobre la canci\u00f3n es lo que dejo que sea. Lo m\u00e1s importante es que se sienta bien.<\/p>\n\n\n\n<h2 class=\"wp-block-heading\">Seg\u00fan tu experiencia, \u00bfqu\u00e9 nos podr\u00edas contar de la escena de m\u00fasica en vivo en Berl\u00edn?<\/h2>\n\n\n\n<p>Hay de todo, buen trato profesional y tambi\u00e9n locales que tienes que pagar para tocar, pero hay m\u00e1s lugares de exposici\u00f3n y eso es algo s\u00faper chever.<\/p>\n\n\n\n<h2 class=\"wp-block-heading\">\u00bfCu\u00e1l es tu experiencia en relaci\u00f3n a los medios de distribuci\u00f3n de tu m\u00fasica? Mucha gente sostiene que las plataformas digitales democratizan la circulaci\u00f3n de m\u00fasica, en tu caso, \u00bfha sido as\u00ed? \u00bfAcudes a medios digitales como plan B de no poder producir en formato f\u00edsico?<\/h2>\n\n\n\n<div class=\"wp-block-media-text alignwide has-media-on-the-right is-stacked-on-mobile\"><figure class=\"wp-block-media-text__media\"><img loading=\"lazy\" decoding=\"async\" width=\"819\" height=\"1024\" src=\"https:\/\/alterfocus.de\/wp-content\/uploads\/2021\/12\/20210828-ArtDest-Paulrhythms-WebRes-22-819x1024.jpg\" alt=\"\" class=\"wp-image-26886 size-full\" srcset=\"https:\/\/alterfocus.de\/wp-content\/uploads\/2021\/12\/20210828-ArtDest-Paulrhythms-WebRes-22-819x1024.jpg 819w, https:\/\/alterfocus.de\/wp-content\/uploads\/2021\/12\/20210828-ArtDest-Paulrhythms-WebRes-22-240x300.jpg 240w, https:\/\/alterfocus.de\/wp-content\/uploads\/2021\/12\/20210828-ArtDest-Paulrhythms-WebRes-22-768x960.jpg 768w, https:\/\/alterfocus.de\/wp-content\/uploads\/2021\/12\/20210828-ArtDest-Paulrhythms-WebRes-22.jpg 1200w\" sizes=\"auto, (max-width: 819px) 100vw, 819px\" \/><\/figure><div class=\"wp-block-media-text__content\">\n<p>Mi experiencia es buena en el sentido que me ha sido f\u00e1cil subir mi m\u00fasica y que la pueda compartir con mi familia, amigos y la gente que me sigue. Lo que dices de la democratizaci\u00f3n es cierto hasta un punto. Hay demasiados factores que influyen por lo que dir\u00eda que si alguien le interesa conversar al respecto que me escriba y yo feliz de contar m\u00e1s detalles, ya que es un tema extenso.<\/p>\n<\/div><\/div>\n\n\n\n<h2 class=\"wp-block-heading\">\u00bfEres receptivo a la devoluci\u00f3n que te hace la gente que escucha tu m\u00fasica?<\/h2>\n\n\n\n<p>Por supuesto, me llena de energ\u00eda y alegr\u00eda leer los mensajes de las personas que escuchan mi m\u00fasica. Me parece maldito tambi\u00e9n cuando me cuentan que la m\u00fasica les inspira a crear algo nuevo. Por ejemplo, hace poco me escribi\u00f3 una acr\u00f3bata que vive en Nueva York y me cont\u00f3 que compuso una performance inspirada en una de mis canciones, me pareci\u00f3 genial.<\/p>\n\n\n\n<figure class=\"wp-block-image size-large\"><img loading=\"lazy\" decoding=\"async\" width=\"1024\" height=\"819\" src=\"https:\/\/alterfocus.de\/wp-content\/uploads\/2021\/12\/20210829-ArtDest-Paulrhythms-WebRes-13-1024x819.jpg\" alt=\"\" class=\"wp-image-26873\" srcset=\"https:\/\/alterfocus.de\/wp-content\/uploads\/2021\/12\/20210829-ArtDest-Paulrhythms-WebRes-13-1024x819.jpg 1024w, https:\/\/alterfocus.de\/wp-content\/uploads\/2021\/12\/20210829-ArtDest-Paulrhythms-WebRes-13-300x240.jpg 300w, https:\/\/alterfocus.de\/wp-content\/uploads\/2021\/12\/20210829-ArtDest-Paulrhythms-WebRes-13-768x614.jpg 768w, https:\/\/alterfocus.de\/wp-content\/uploads\/2021\/12\/20210829-ArtDest-Paulrhythms-WebRes-13-1200x960.jpg 1200w, https:\/\/alterfocus.de\/wp-content\/uploads\/2021\/12\/20210829-ArtDest-Paulrhythms-WebRes-13.jpg 1500w\" sizes=\"auto, (max-width: 1024px) 100vw, 1024px\" \/><\/figure>\n\n\n\n<h2 class=\"wp-block-heading\"> \u00bfCu\u00e1les son tus planes hoy en d\u00eda?<\/h2>\n\n\n\n<p>Como m\u00fasico de sesi\u00f3n volv\u00ed a tocar en vivo desde Junio de este a\u00f1o (2021) y ha sido una experiencia incre\u00edble volver a compartir estos presentes con gente y para gente. Como solista, veremos cuando.<br>Hoy en d\u00eda estoy colaborando con varios artistas en Berl\u00edn y componiendo un tercer EP. (El segundo EP est\u00e1 tambi\u00e9n en proceso)<\/p>\n\n\n\n<h2 class=\"wp-block-heading\">\u00bfC\u00f3mo te ves de cara a este invierno 21\/22?<\/h2>\n\n\n\n<p>Positivo, con muchas ganas de seguir colaborando con artistas, explorando mi propio sonido y tocando en vivo.<\/p>\n\n\n\n<div class=\"wp-block-media-text alignwide has-media-on-the-right is-stacked-on-mobile\" style=\"grid-template-columns:auto 39%\"><figure class=\"wp-block-media-text__media\"><img loading=\"lazy\" decoding=\"async\" width=\"819\" height=\"1024\" src=\"https:\/\/alterfocus.de\/wp-content\/uploads\/2021\/12\/20210828-ArtDest-Paulrhythms-WebRes-02-819x1024.jpg\" alt=\"\" class=\"wp-image-26862 size-full\" srcset=\"https:\/\/alterfocus.de\/wp-content\/uploads\/2021\/12\/20210828-ArtDest-Paulrhythms-WebRes-02-819x1024.jpg 819w, https:\/\/alterfocus.de\/wp-content\/uploads\/2021\/12\/20210828-ArtDest-Paulrhythms-WebRes-02-240x300.jpg 240w, https:\/\/alterfocus.de\/wp-content\/uploads\/2021\/12\/20210828-ArtDest-Paulrhythms-WebRes-02-768x960.jpg 768w, https:\/\/alterfocus.de\/wp-content\/uploads\/2021\/12\/20210828-ArtDest-Paulrhythms-WebRes-02.jpg 1200w\" sizes=\"auto, (max-width: 819px) 100vw, 819px\" \/><\/figure><div class=\"wp-block-media-text__content\">\n<h2 class=\"wp-block-heading\">Para conocer m\u00e1s sobre Paulrhythms<\/h2>\n\n\n\n<p><a href=\"https:\/\/www.instagram.com\/paulrhythms_\/\" target=\"_blank\" rel=\"noreferrer noopener\"><strong><span class=\"has-inline-color has-accent-color\">Instagram<\/span><\/strong><\/a><\/p>\n\n\n\n<p><a href=\"https:\/\/paulrhythms.com\/music\" target=\"_blank\" rel=\"noreferrer noopener\"><strong><span class=\"has-inline-color has-accent-color\">Website<\/span><\/strong><\/a><\/p>\n<\/div><\/div>","protected":false},"excerpt":{"rendered":"<p>Descubre como Paul desarrolla su proyecto Paulrhythms con la sensibilidad y dedicaci\u00f3n de un alquimista sonoro.<\/p>","protected":false},"author":3,"featured_media":26871,"comment_status":"closed","ping_status":"closed","sticky":false,"template":"","format":"standard","meta":{"_acf_changed":false,"footnotes":""},"categories":[13],"tags":[10,133,7,134,132,131],"wf_post_folders":[149],"class_list":["post-26856","post","type-post","status-publish","format-standard","has-post-thumbnail","hentry","category-destacado","tag-artista-destacado","tag-bass-player","tag-berlin","tag-cajon-peruano","tag-peru","tag-peruano-en-berlin","wpbf-post"],"acf":[],"brizy_media":[],"_links":{"self":[{"href":"https:\/\/alterfocus.de\/es\/wp-json\/wp\/v2\/posts\/26856","targetHints":{"allow":["GET"]}}],"collection":[{"href":"https:\/\/alterfocus.de\/es\/wp-json\/wp\/v2\/posts"}],"about":[{"href":"https:\/\/alterfocus.de\/es\/wp-json\/wp\/v2\/types\/post"}],"author":[{"embeddable":true,"href":"https:\/\/alterfocus.de\/es\/wp-json\/wp\/v2\/users\/3"}],"replies":[{"embeddable":true,"href":"https:\/\/alterfocus.de\/es\/wp-json\/wp\/v2\/comments?post=26856"}],"version-history":[{"count":12,"href":"https:\/\/alterfocus.de\/es\/wp-json\/wp\/v2\/posts\/26856\/revisions"}],"predecessor-version":[{"id":31460,"href":"https:\/\/alterfocus.de\/es\/wp-json\/wp\/v2\/posts\/26856\/revisions\/31460"}],"wp:featuredmedia":[{"embeddable":true,"href":"https:\/\/alterfocus.de\/es\/wp-json\/wp\/v2\/media\/26871"}],"wp:attachment":[{"href":"https:\/\/alterfocus.de\/es\/wp-json\/wp\/v2\/media?parent=26856"}],"wp:term":[{"taxonomy":"category","embeddable":true,"href":"https:\/\/alterfocus.de\/es\/wp-json\/wp\/v2\/categories?post=26856"},{"taxonomy":"post_tag","embeddable":true,"href":"https:\/\/alterfocus.de\/es\/wp-json\/wp\/v2\/tags?post=26856"},{"taxonomy":"wf_post_folders","embeddable":true,"href":"https:\/\/alterfocus.de\/es\/wp-json\/wp\/v2\/wf_post_folders?post=26856"}],"curies":[{"name":"wp","href":"https:\/\/api.w.org\/{rel}","templated":true}]}}